{"id":28136,"date":"2026-08-12T17:20:02","date_gmt":"2026-08-12T15:20:02","guid":{"rendered":"https:\/\/www.hbenchmark.com\/?p=28136"},"modified":"2026-09-03T17:34:12","modified_gmt":"2026-09-03T15:34:12","slug":"verona-und-der-gardasee-die-leistung-zu-ferragosto-laut-hbenchmark-daten","status":"publish","type":"post","link":"https:\/\/www.hbenchmark.com\/de\/rassegna-stampa-2026\/verona-e-lago-di-garda-le-performance-di-ferragosto-secondo-i-dati-hbenchmark\/","title":{"rendered":"Verona und Gardasee: Die Leistung zu Ferragosto laut HBenchmark-Daten"},"content":{"rendered":"<div data-elementor-type=\"wp-post\" data-elementor-id=\"28136\" class=\"elementor elementor-28136\">\n\t\t\t\t        <section class=\"elementor-section elementor-top-section elementor-element elementor-element-46d2535b elementor-section-height-min-height elementor-section-stretched elementor-section-boxed elementor-section-height-default elementor-section-items-middle pxl-row-scroll-none pxl-zoom-point-false pxl-section-overflow-visible pxl-section-fix-none pxl-bg-color-none pxl-section-overlay-none\" data-id=\"46d2535b\" data-element_type=\"section\" data-e-type=\"section\" data-settings=\"{&quot;background_background&quot;:&quot;classic&quot;,&quot;stretch_section&quot;:&quot;section-stretched&quot;}\">\n\n                \n                <div class=\"elementor-container elementor-column-gap-default\">\n                <div class=\"elementor-column elementor-col-100 elementor-top-column elementor-element elementor-element-436919de pxl-column-none pxl-column-overflow-hidden-no\" data-id=\"436919de\" data-element_type=\"column\" data-e-type=\"column\">\r\n        <div class=\"elementor-widget-wrap elementor-element-populated\">\r\n                     \r\n        \t\t<div class=\"elementor-element elementor-element-5ef2349b elementor-widget elementor-widget-pxl_heading\" data-id=\"5ef2349b\" data-element_type=\"widget\" data-e-type=\"widget\" data-widget_type=\"pxl_heading.default\">\n\t\t\t\t<div class=\"elementor-widget-container\">\n\t\t\t\t\t\r\n<div id=\"pxl-pxl_heading-5ef2349b-3990\" class=\"pxl-heading px-sub-title-default-style\">\r\n\t<div class=\"pxl-heading--inner\">\r\n\t\t\t\t\t<div class=\"pxl-item--subtitle px-sub-title-default\" data-wow-delay=\"ms\">\r\n\t\t\t\t<span class=\"pxl-item--subtext\">\r\n\t\t\t\t\t\t\t\t\t\t\t\t\t\t\t<span class=\"\">Presse\u00fcbersicht - 2026<\/span>\r\n\t\t\t\t<\/span>\r\n\t\t\t<\/div>\r\n\t\t\r\n\t\t<h3 class=\"pxl-item--title style-default highlight-default\" data-wow-delay=\"ms\">\r\n\r\n\t\t\t<span class=\"pxl-heading--text\">\r\n\r\n\t\t\t\t\t\t\t\t\tVerona und Gardasee: Die Leistung zu Ferragosto laut HBenchmark-Daten\t\r\n\t\t\t\t\t\r\n\r\n\t\t\t<\/span>\r\n\t\t<\/h3>\r\n\t\t\r\n\t<\/div>\r\n<\/div>\t\t\t\t<\/div>\n\t\t\t\t<\/div>\n\t\t\t\t<div class=\"elementor-element elementor-element-3a83435c elementor-widget elementor-widget-pxl_button\" data-id=\"3a83435c\" data-element_type=\"widget\" data-e-type=\"widget\" data-widget_type=\"pxl_button.default\">\n\t\t\t\t<div class=\"elementor-widget-container\">\n\t\t\t\t\t<div id=\"pxl-pxl_button-3a83435c-8335\" class=\"pxl-button pxl-atc-link wow PXLfadeInUp\" data-wow-delay=\"600ms\">\r\n    <a href=\"https:\/\/www.calameo.com\/read\/007259562f18bdff37577\" class=\"btn pxl-icon-active btn-block-inline  btn-default pxl-icon--left\">\r\n                    <span class=\"pxl--btn-icon\">\r\n                <i aria-hidden=\"true\" class=\"fal fa-newspaper\"><\/i>                            <\/span>\r\n                <span class=\"pxl--btn-text\" data-text=\"Leggi l&#039;articolo completo\">\r\n            Den vollst\u00e4ndigen Artikel lesen        <\/span>\r\n    <\/a>\r\n<\/div>\t\t\t\t<\/div>\n\t\t\t\t<\/div>\n\t\t            <\/div>\r\n        <\/div>\r\n        \t\t\t<\/div>\n\t\t<\/section>\n\t\t        <section class=\"elementor-section elementor-top-section elementor-element elementor-element-22b9626c pxl-row-scroll-fixed elementor-section-stretched elementor-section-boxed elementor-section-height-default elementor-section-height-default pxl-zoom-point-false pxl-section-overflow-visible pxl-section-fix-none pxl-bg-color-none pxl-section-overlay-none\" data-id=\"22b9626c\" data-element_type=\"section\" data-e-type=\"section\" data-settings=\"{&quot;stretch_section&quot;:&quot;section-stretched&quot;}\">\n\n                \n                <div class=\"elementor-container elementor-column-gap-default\">\n                <div class=\"elementor-column elementor-col-100 elementor-top-column elementor-element elementor-element-5e38a7a7 case-details-col-2 pxl-column-none pxl-column-overflow-hidden-no\" data-id=\"5e38a7a7\" data-element_type=\"column\" data-e-type=\"column\">\r\n        <div class=\"elementor-widget-wrap elementor-element-populated\">\r\n                     \r\n        \t\t<div class=\"elementor-element elementor-element-1618cf7d elementor-widget elementor-widget-pxl_text_editor\" data-id=\"1618cf7d\" data-element_type=\"widget\" data-e-type=\"widget\" data-widget_type=\"pxl_text_editor.default\">\n\t\t\t\t<div class=\"elementor-widget-container\">\n\t\t\t\t\t<div class=\"pxl-text-editor highlight-gradient\">\r\n\t<div class=\"pxl-item--inner\" >\r\n\t\t<p data-path-to-node=\"2\">In einer k\u00fcrzlich erschienenen vertieften Analyse \u00fcber das Gebiet von Verona zeigen die f\u00fcr die <b data-path-to-node=\"2\" data-index-in-node=\"87\">Stiftung Destination Verona &amp; Garda<\/b> Sie ziehen eine \u00e4u\u00dferst positive Bilanz des Tourismus im Raum Verona und am See anl\u00e4sslich von Maria Himmelfahrt.<\/p><p data-path-to-node=\"3\">Wenige Tage vor dem 15. August zeigt sich ein solides und attraktives Bild: Die Auslastung liegt sowohl am Gardasee als auch in der Altstadt von Verona bei \u00fcber 80%.<\/p><p data-path-to-node=\"4\"><b data-path-to-node=\"4\" data-index-in-node=\"0\">Die wichtigsten Erkenntnisse aus der Datenanalyse<\/b><\/p><ul><li data-path-to-node=\"5,0,0\"><b data-path-to-node=\"5,0,0\" data-index-in-node=\"0\">Gardasee<\/b> Die durchschnittliche Belegung liegt bei\u2019<b data-path-to-node=\"5,0,0\" data-index-in-node=\"50\">83,8%<\/b> f\u00fcr die N\u00e4chte vom 14. und 15. August (wobei der Tiefststand bei 84,71 TP3T zu einem Durchschnittspreis von 214,1 \u20ac liegt). Allein f\u00fcr die Nacht von Ferragosto steigt der Wert auf 841 TP3T, mit Sch\u00e4tzungen <i data-path-to-node=\"5,0,0\" data-index-in-node=\"227\">unter dem Datum<\/i> des Pr\u00e4sidenten von Federalberghi Garda Veneto, Ivan De Beni, die die Erreichung von\u2019<b data-path-to-node=\"5,0,0\" data-index-in-node=\"336\">85-90%<\/b>.<\/li><li data-path-to-node=\"5,0,0\"><b data-path-to-node=\"5,1,0\" data-index-in-node=\"0\">Verona Stadt:<\/b> In der Hauptstadtgemeinde sind bereits \u00fcber acht von zehn Zimmern belegt (<b data-path-to-node=\"5,1,0\" data-index-in-node=\"86\">80,3%<\/b> (mit einer durchschnittlichen Belegungsrate von 204,6 \u20ac f\u00fcr den 14. und 15. August sowie 81% allein in der Nacht vom 15.), was die hohe Attraktivit\u00e4t der Stadt auch in Zeiten gro\u00dfer Hitze best\u00e4tigt.<\/li><li data-path-to-node=\"5,0,0\"><b data-path-to-node=\"5,2,0\" data-index-in-node=\"0\">Provinz und Wachstumspotenzial:<\/b> Au\u00dferhalb der Hauptstadt liegt die Provinz bei 68,11 TP3T (Durchschnittstarif von 93,8 \u20ac), was zeigt, dass es noch Verbesserungspotenzial f\u00fcr eine gleichm\u00e4\u00dfigere Verteilung der Verkehrsstr\u00f6me \u00fcber das gesamte Gebiet gibt.<\/li><li data-path-to-node=\"5,0,0\"><b data-path-to-node=\"5,3,0\" data-index-in-node=\"0\">Die Nachfragetrends:<\/b> Die Periode von Ferragosto verzeichnet eine starke Erholung des italienischen Tourismusmarktes, die mit der konstanten und soliden Pr\u00e4senz ausl\u00e4ndischer Besucher (insbesondere aus Deutschland, Nordeuropa und dem Vereinigten K\u00f6nigreich) einhergeht.<\/li><\/ul><p data-path-to-node=\"6\">Wie von den Wirtschaftsverb\u00e4nden und der Stiftung unterstrichen, erweisen sich die durch die Data Intelligence von HBenchmark konsolidierten und \u00fcberwachten Daten als unverzichtbares Instrument, um die Dynamik der Region zu verstehen und die Strategien zur Tourismusf\u00f6rderung zu unterst\u00fctzen.<\/p>\t\t\r\n\t<\/div>\r\n<\/div>\t\t\t\t<\/div>\n\t\t\t\t<\/div>\n\t\t\t\t<div class=\"elementor-element elementor-element-5cf9f176 elementor-widget elementor-widget-pxl_image\" data-id=\"5cf9f176\" data-element_type=\"widget\" data-e-type=\"widget\" data-widget_type=\"pxl_image.default\">\n\t\t\t\t<div class=\"elementor-widget-container\">\n\t\t\t\t\t<div id=\"pxl_image-5cf9f176-8005\" class=\"pxl-image-single pxl-disable-parallax-sm\" data-wow-delay=\"ms\"  >\r\n    <div class=\"pxl-item--inner\" data-wow-delay=\"120ms\">\r\n                \r\n                                <div class=\"pxl-item--image\" data-parallax-value=\"\">\r\n                                                    <img fetchpriority=\"high\" decoding=\"async\" width=\"1240\" height=\"680\" src=\"https:\/\/www.hbenchmark.com\/wp-content\/uploads\/2026\/08\/Screenshot-2026-09-03-alle-17.27.05.png\" class=\"no-lazyload attachment-full\" alt=\"\" \/>                                                                    <\/div>\r\n                                <\/div>\r\n<\/div>\t\t\t\t<\/div>\n\t\t\t\t<\/div>\n\t\t\t\t<div class=\"elementor-element elementor-element-226aee0f elementor-widget elementor-widget-pxl_text_editor\" data-id=\"226aee0f\" data-element_type=\"widget\" data-e-type=\"widget\" data-widget_type=\"pxl_text_editor.default\">\n\t\t\t\t<div class=\"elementor-widget-container\">\n\t\t\t\t\t<div class=\"pxl-text-editor highlight-gradient\">\r\n\t<div class=\"pxl-item--inner\" >\r\n\t\t<p><strong>M\u00f6chtest du mehr erfahren?<\/strong><\/p>\t\t\r\n\t<\/div>\r\n<\/div>\t\t\t\t<\/div>\n\t\t\t\t<\/div>\n\t\t\t\t<div class=\"elementor-element elementor-element-d937ff7 elementor-widget__width-inherit elementor-align-left elementor-widget elementor-widget-pxl_button\" data-id=\"d937ff7\" data-element_type=\"widget\" data-e-type=\"widget\" data-widget_type=\"pxl_button.default\">\n\t\t\t\t<div class=\"elementor-widget-container\">\n\t\t\t\t\t<div id=\"pxl-pxl_button-d937ff7-3221\" class=\"pxl-button pxl-atc-link wow PXLfadeInUp\" data-wow-delay=\"600ms\">\r\n    <a href=\"https:\/\/www.veronasera.it\/economia\/turismo-verona-lago-garda-ferragosto-12-agosto-2026.html\" class=\"btn pxl-icon-active btn-block-inline  btn-default pxl-icon--left\">\r\n                    <span class=\"pxl--btn-icon\">\r\n                <i aria-hidden=\"true\" class=\"fal fa-newspaper\"><\/i>                            <\/span>\r\n                <span class=\"pxl--btn-text\" data-text=\"Leggi l&#039;articolo completo\">\r\n            Den vollst\u00e4ndigen Artikel lesen        <\/span>\r\n    <\/a>\r\n<\/div>\t\t\t\t<\/div>\n\t\t\t\t<\/div>\n\t\t            <\/div>\r\n        <\/div>\r\n        \t\t\t<\/div>\n\t\t<\/section>\n\t\t        <section class=\"elementor-section elementor-top-section elementor-element elementor-element-52144fd0 elementor-section-stretched elementor-section-boxed elementor-section-height-default elementor-section-height-default pxl-row-scroll-none pxl-zoom-point-false pxl-section-overflow-visible pxl-section-fix-none pxl-bg-color-none pxl-section-overlay-none\" data-id=\"52144fd0\" data-element_type=\"section\" data-e-type=\"section\" data-settings=\"{&quot;stretch_section&quot;:&quot;section-stretched&quot;}\">\n\n                \n                <div class=\"elementor-container elementor-column-gap-default\">\n                <div class=\"elementor-column elementor-col-100 elementor-top-column elementor-element elementor-element-71d9e06c pxl-column-none pxl-column-overflow-hidden-no\" data-id=\"71d9e06c\" data-element_type=\"column\" data-e-type=\"column\">\r\n        <div class=\"elementor-widget-wrap elementor-element-populated\">\r\n                     \r\n        \t\t<div class=\"elementor-element elementor-element-4c8489 elementor-widget elementor-widget-pxl_heading\" data-id=\"4c8489\" data-element_type=\"widget\" data-e-type=\"widget\" data-widget_type=\"pxl_heading.default\">\n\t\t\t\t<div class=\"elementor-widget-container\">\n\t\t\t\t\t\r\n<div id=\"pxl-pxl_heading-4c8489-3122\" class=\"pxl-heading px-sub-title-default-style\">\r\n\t<div class=\"pxl-heading--inner\">\r\n\t\t\t\t\t<div class=\"pxl-item--subtitle px-sub-title-default wow PXLfadeInUp\" data-wow-delay=\"300ms\">\r\n\t\t\t\t<span class=\"pxl-item--subtext\">\r\n\t\t\t\t\t\t\t\t\t\t\t\t\t\t\t<span class=\"\">Presse\u00fcbersicht<\/span>\r\n\t\t\t\t<\/span>\r\n\t\t\t<\/div>\r\n\t\t\r\n\t\t<h3 class=\"pxl-item--title style-default highlight-default wow PXLfadeInUp\" data-wow-delay=\"300ms\">\r\n\r\n\t\t\t<span class=\"pxl-heading--text\">\r\n\r\n\t\t\t\t\t\t\t\t\tVom Territorium zum Druck: Was sie \u00fcber uns sagen.\t\r\n\t\t\t\t\t\r\n\r\n\t\t\t<\/span>\r\n\t\t<\/h3>\r\n\t\t\r\n\t<\/div>\r\n<\/div>\t\t\t\t<\/div>\n\t\t\t\t<\/div>\n\t\t\t\t<div class=\"elementor-element elementor-element-2a1c8a66 post-layout-post-1 elementor-widget elementor-widget-pxl_post_carousel\" data-id=\"2a1c8a66\" data-element_type=\"widget\" data-e-type=\"widget\" data-widget_type=\"pxl_post_carousel.default\">\n\t\t\t\t<div class=\"elementor-widget-container\">\n\t\t\t\t\t\r\n    <div class=\"pxl-swiper-slider pxl-post-carousel pxl-post-carousel1\" >\r\n        <div class=\"pxl-carousel-inner\">\r\n            <div class=\"pxl-swiper-container\" dir=\"ltr\" data-settings=\"{&quot;slide_direction&quot;:&quot;horizontal&quot;,&quot;slide_percolumn&quot;:1,&quot;slide_percolumnfill&quot;:1,&quot;slide_mode&quot;:&quot;slide&quot;,&quot;slides_to_show&quot;:3,&quot;slides_to_show_xxl&quot;:3,&quot;slides_to_show_lg&quot;:3,&quot;slides_to_show_md&quot;:2,&quot;slides_to_show_sm&quot;:2,&quot;slides_to_show_xs&quot;:1,&quot;slides_to_scroll&quot;:1,&quot;slides_gutter&quot;:30,&quot;arrow&quot;:true,&quot;pagination&quot;:false,&quot;pagination_type&quot;:&quot;bullets&quot;,&quot;autoplay&quot;:true,&quot;pause_on_hover&quot;:true,&quot;pause_on_interaction&quot;:true,&quot;delay&quot;:5000,&quot;loop&quot;:true,&quot;speed&quot;:500}\">\r\n                <div class=\"pxl-swiper-wrapper\">\r\n                                            <div class=\"pxl-swiper-slide\">\r\n                            <div class=\"pxl-item--inner\">\r\n                                                                    <div class=\"pxl-post--featured hover-imge-effect2\">\r\n                                        <a href=\"https:\/\/www.hbenchmark.com\/de\/rassegna-stampa-2026\/verona-il-turismo-cresce-nel-valore-non-solo-nelle-presenze\/\"><img decoding=\"async\" class=\"\" src=\"https:\/\/www.hbenchmark.com\/wp-content\/uploads\/2026\/03\/ladige-600x438.jpg\" width=\"600\" height=\"438\" alt=\"eingehend\" title=\"eingehend\" \/><\/a>\r\n                                                                                                                        <div class=\"pxl-post--meta\">\r\n                                                                                                                                        <div class=\"pxl-post--category\">\r\n                                                    Presse\u00fcbersicht \/ 2026                                                <\/div>\r\n                                                                                                                                <\/div>\r\n                                    <\/div>\r\n                                                                <div class=\"pxl-post--body\">\r\n                                    <h3 class=\"pxl-post--title\"><a href=\"https:\/\/www.hbenchmark.com\/de\/rassegna-stampa-2026\/verona-il-turismo-cresce-nel-valore-non-solo-nelle-presenze\/\">Verona: der Tourismus w\u00e4chst im Wert, nicht nur in den Ank\u00fcnften<\/a><\/h3>\r\n                                    <div class=\"pxl-post--divider\"><\/div>\r\n                                                                            <div class=\"pxl-post--content\">\r\n                                                                                    <\/div>\r\n                                                                                                                <div class=\"pxl-post--button\">\r\n                                            <a href=\"https:\/\/www.hbenchmark.com\/de\/rassegna-stampa-2026\/verona-il-turismo-cresce-nel-valore-non-solo-nelle-presenze\/\">\r\n                                                <span>\r\n                                                    Lesen Sie den Artikel                                                <\/span>\r\n                                                <i class=\"flaticon flaticon-right-arrow-long\"><\/i>\r\n                                            <\/a>\r\n                                        <\/div>\r\n                                                                    <\/div>\r\n                            <\/div>\r\n                        <\/div>\r\n                                            <div class=\"pxl-swiper-slide\">\r\n                            <div class=\"pxl-item--inner\">\r\n                                                                    <div class=\"pxl-post--featured hover-imge-effect2\">\r\n                                        <a href=\"https:\/\/www.hbenchmark.com\/de\/rassegna-stampa-2026\/presentata-la-ricerca-2026-degli-osservatori-digital-innovation-del-politecnico-di-milano-a-cui-ha-contribuito-anche-hbenchmark\/\"><img decoding=\"async\" class=\"\" src=\"https:\/\/www.hbenchmark.com\/wp-content\/uploads\/2026\/03\/qualitytravel-600x438.jpg\" width=\"600\" height=\"438\" alt=\"Qualit\u00e4tsreisen\" title=\"Qualit\u00e4tsreisen\" \/><\/a>\r\n                                                                                                                        <div class=\"pxl-post--meta\">\r\n                                                                                                                                        <div class=\"pxl-post--category\">\r\n                                                    Presse\u00fcbersicht \/ 2026                                                <\/div>\r\n                                                                                                                                <\/div>\r\n                                    <\/div>\r\n                                                                <div class=\"pxl-post--body\">\r\n                                    <h3 class=\"pxl-post--title\"><a href=\"https:\/\/www.hbenchmark.com\/de\/rassegna-stampa-2026\/presentata-la-ricerca-2026-degli-osservatori-digital-innovation-del-politecnico-di-milano-a-cui-ha-contribuito-anche-hbenchmark\/\">Die Ricerca 2026 der Osservatori Digital Innovation des Politecnico di Milano, zu der auch HBenchmark beigetragen hat, wurde vorgestellt<\/a><\/h3>\r\n                                    <div class=\"pxl-post--divider\"><\/div>\r\n                                                                            <div class=\"pxl-post--content\">\r\n                                                                                    <\/div>\r\n                                                                                                                <div class=\"pxl-post--button\">\r\n                                            <a href=\"https:\/\/www.hbenchmark.com\/de\/rassegna-stampa-2026\/presentata-la-ricerca-2026-degli-osservatori-digital-innovation-del-politecnico-di-milano-a-cui-ha-contribuito-anche-hbenchmark\/\">\r\n                                                <span>\r\n                                                    Lesen Sie den Artikel                                                <\/span>\r\n                                                <i class=\"flaticon flaticon-right-arrow-long\"><\/i>\r\n                                            <\/a>\r\n                                        <\/div>\r\n                                                                    <\/div>\r\n                            <\/div>\r\n                        <\/div>\r\n                                            <div class=\"pxl-swiper-slide\">\r\n                            <div class=\"pxl-item--inner\">\r\n                                                                    <div class=\"pxl-post--featured hover-imge-effect2\">\r\n                                        <a href=\"https:\/\/www.hbenchmark.com\/de\/rassegna-stampa-2026\/focus-su-economia-e-crescita-del-turismo-balneare-dellalto-adriatico-con-hbenchmark\/\"><img loading=\"lazy\" decoding=\"async\" class=\"\" src=\"https:\/\/www.hbenchmark.com\/wp-content\/uploads\/2026\/03\/firstonline-600x438.jpg\" width=\"600\" height=\"438\" alt=\"firstonline\" title=\"firstonline\" \/><\/a>\r\n                                                                                                                        <div class=\"pxl-post--meta\">\r\n                                                                                                                                        <div class=\"pxl-post--category\">\r\n                                                    Presse\u00fcbersicht \/ 2026                                                <\/div>\r\n                                                                                                                                <\/div>\r\n                                    <\/div>\r\n                                                                <div class=\"pxl-post--body\">\r\n                                    <h3 class=\"pxl-post--title\"><a href=\"https:\/\/www.hbenchmark.com\/de\/rassegna-stampa-2026\/focus-su-economia-e-crescita-del-turismo-balneare-dellalto-adriatico-con-hbenchmark\/\">Fokus auf Wirtschaft und Wachstum des Strandtourismus im oberen Adriaraum mit HBenchmark<\/a><\/h3>\r\n                                    <div class=\"pxl-post--divider\"><\/div>\r\n                                                                            <div class=\"pxl-post--content\">\r\n                                                                                    <\/div>\r\n                                                                                                                <div class=\"pxl-post--button\">\r\n                                            <a href=\"https:\/\/www.hbenchmark.com\/de\/rassegna-stampa-2026\/focus-su-economia-e-crescita-del-turismo-balneare-dellalto-adriatico-con-hbenchmark\/\">\r\n                                                <span>\r\n                                                    Lesen Sie den Artikel                                                <\/span>\r\n                                                <i class=\"flaticon flaticon-right-arrow-long\"><\/i>\r\n                                            <\/a>\r\n                                        <\/div>\r\n                                                                    <\/div>\r\n                            <\/div>\r\n                        <\/div>\r\n                                            <div class=\"pxl-swiper-slide\">\r\n                            <div class=\"pxl-item--inner\">\r\n                                                                    <div class=\"pxl-post--featured hover-imge-effect2\">\r\n                                        <a href=\"https:\/\/www.hbenchmark.com\/de\/rassegna-stampa-2026\/data-intelligence-a-cervia-dopo-la-fase-pilota-il-progetto-hbenchmark-entra-nella-fase-operativa\/\"><img loading=\"lazy\" decoding=\"async\" class=\"\" src=\"https:\/\/www.hbenchmark.com\/wp-content\/uploads\/2026\/03\/ilrestodelcarlino-600x438.jpg\" width=\"600\" height=\"438\" alt=\"der Rest des Kinos\" title=\"der Rest des Kinos\" \/><\/a>\r\n                                                                                                                        <div class=\"pxl-post--meta\">\r\n                                                                                                                                        <div class=\"pxl-post--category\">\r\n                                                    Presse\u00fcbersicht \/ 2026                                                <\/div>\r\n                                                                                                                                <\/div>\r\n                                    <\/div>\r\n                                                                <div class=\"pxl-post--body\">\r\n                                    <h3 class=\"pxl-post--title\"><a href=\"https:\/\/www.hbenchmark.com\/de\/rassegna-stampa-2026\/data-intelligence-a-cervia-dopo-la-fase-pilota-il-progetto-hbenchmark-entra-nella-fase-operativa\/\">Data Intelligence in Cervia: Nach der Pilotphase tritt das HBenchmark-Projekt in die operative Phase ein<\/a><\/h3>\r\n                                    <div class=\"pxl-post--divider\"><\/div>\r\n                                                                            <div class=\"pxl-post--content\">\r\n                                                                                    <\/div>\r\n                                                                                                                <div class=\"pxl-post--button\">\r\n                                            <a href=\"https:\/\/www.hbenchmark.com\/de\/rassegna-stampa-2026\/data-intelligence-a-cervia-dopo-la-fase-pilota-il-progetto-hbenchmark-entra-nella-fase-operativa\/\">\r\n                                                <span>\r\n                                                    Lesen Sie den Artikel                                                <\/span>\r\n                                                <i class=\"flaticon flaticon-right-arrow-long\"><\/i>\r\n                                            <\/a>\r\n                                        <\/div>\r\n                                                                    <\/div>\r\n                            <\/div>\r\n                        <\/div>\r\n                                            <div class=\"pxl-swiper-slide\">\r\n                            <div class=\"pxl-item--inner\">\r\n                                                                    <div class=\"pxl-post--featured hover-imge-effect2\">\r\n                                        <a href=\"https:\/\/www.hbenchmark.com\/de\/rassegna-stampa-2026\/cresce-il-turismo-open-air-in-trentino\/\"><img loading=\"lazy\" decoding=\"async\" class=\"\" src=\"https:\/\/www.hbenchmark.com\/wp-content\/uploads\/2026\/03\/travelnostop-600x438.jpg\" width=\"600\" height=\"438\" alt=\"reise-ohne-pause\" title=\"reise-ohne-pause\" \/><\/a>\r\n                                                                                                                        <div class=\"pxl-post--meta\">\r\n                                                                                                                                        <div class=\"pxl-post--category\">\r\n                                                    Presse\u00fcbersicht \/ 2026                                                <\/div>\r\n                                                                                                                                <\/div>\r\n                                    <\/div>\r\n                                                                <div class=\"pxl-post--body\">\r\n                                    <h3 class=\"pxl-post--title\"><a href=\"https:\/\/www.hbenchmark.com\/de\/rassegna-stampa-2026\/cresce-il-turismo-open-air-in-trentino\/\">Der Open-Air-Tourismus im Trentino w\u00e4chst<\/a><\/h3>\r\n                                    <div class=\"pxl-post--divider\"><\/div>\r\n                                                                            <div class=\"pxl-post--content\">\r\n                                                                                    <\/div>\r\n                                                                                                                <div class=\"pxl-post--button\">\r\n                                            <a href=\"https:\/\/www.hbenchmark.com\/de\/rassegna-stampa-2026\/cresce-il-turismo-open-air-in-trentino\/\">\r\n                                                <span>\r\n                                                    Lesen Sie den Artikel                                                <\/span>\r\n                                                <i class=\"flaticon flaticon-right-arrow-long\"><\/i>\r\n                                            <\/a>\r\n                                        <\/div>\r\n                                                                    <\/div>\r\n                            <\/div>\r\n                        <\/div>\r\n                                            <div class=\"pxl-swiper-slide\">\r\n                            <div class=\"pxl-item--inner\">\r\n                                                                    <div class=\"pxl-post--featured hover-imge-effect2\">\r\n                                        <a href=\"https:\/\/www.hbenchmark.com\/de\/rassegna-stampa-2026\/bormio-e-le-olimpiadi-invernali-primi-dati-positivi-del-bilancio-post-evento\/\"><img loading=\"lazy\" decoding=\"async\" class=\"\" src=\"https:\/\/www.hbenchmark.com\/wp-content\/uploads\/2026\/03\/laprovinciaunica-600x438.jpg\" width=\"600\" height=\"438\" alt=\"die einzigartige Provinz\" title=\"die einzigartige Provinz\" \/><\/a>\r\n                                                                                                                        <div class=\"pxl-post--meta\">\r\n                                                                                                                                        <div class=\"pxl-post--category\">\r\n                                                    Presse\u00fcbersicht \/ 2026                                                <\/div>\r\n                                                                                                                                <\/div>\r\n                                    <\/div>\r\n                                                                <div class=\"pxl-post--body\">\r\n                                    <h3 class=\"pxl-post--title\"><a href=\"https:\/\/www.hbenchmark.com\/de\/rassegna-stampa-2026\/bormio-e-le-olimpiadi-invernali-primi-dati-positivi-del-bilancio-post-evento\/\">Bormio und die Olympischen Winterspiele: Erste positive Daten der Nachberichterstattung<\/a><\/h3>\r\n                                    <div class=\"pxl-post--divider\"><\/div>\r\n                                                                            <div class=\"pxl-post--content\">\r\n                                                                                    <\/div>\r\n                                                                                                                <div class=\"pxl-post--button\">\r\n                                            <a href=\"https:\/\/www.hbenchmark.com\/de\/rassegna-stampa-2026\/bormio-e-le-olimpiadi-invernali-primi-dati-positivi-del-bilancio-post-evento\/\">\r\n                                                <span>\r\n                                                    Lesen Sie den Artikel                                                <\/span>\r\n                                                <i class=\"flaticon flaticon-right-arrow-long\"><\/i>\r\n                                            <\/a>\r\n                                        <\/div>\r\n                                                                    <\/div>\r\n                            <\/div>\r\n                        <\/div>\r\n                                    <\/div>\r\n            <\/div>\r\n\r\n            \r\n                            <div class=\"pxl-swiper-arrow-wrap style-1\">\r\n                    <div class=\"pxl-swiper-arrow pxl-swiper-arrow-prev\"><i class=\"flaticon flaticon-next rtl-icon\"><\/i><\/div>\r\n                    <div class=\"pxl-swiper-arrow pxl-swiper-arrow-next\"><i class=\"flaticon flaticon-next rtl-icon\"><\/i><\/div>\r\n                <\/div>\r\n            \r\n        <\/div>\r\n    <\/div>\r\n\t\t\t\t<\/div>\n\t\t\t\t<\/div>\n\t\t            <\/div>\r\n        <\/div>\r\n        \t\t\t<\/div>\n\t\t<\/section>\n\t\t\t\t<\/div>","protected":false},"excerpt":{"rendered":"<p>RASSEGNA STAMPA &#8211; 2026 Verona e Lago di Garda: le performance di Ferragosto secondo i dati HBenchmark Leggi l&#8217;articolo completo In un recente approfondimento dedicato al territorio veronese, i dati elaborati per la Destination Verona &amp; Garda Foundation tracciano un bilancio estremamente positivo per il turismo nell&#8217;area veronese e lacustre in occasione del Ferragosto. A [&hellip;]<\/p>\n","protected":false},"author":3,"featured_media":21795,"comment_status":"open","ping_status":"open","sticky":false,"template":"elementor_header_footer","format":"standard","meta":{"footnotes":"","_links_to":"","_links_to_target":""},"categories":[100],"tags":[],"class_list":["post-28136","post","type-post","status-publish","format-standard","has-post-thumbnail","hentry","category-rassegna-stampa-2026"],"aioseo_notices":[],"_links":{"self":[{"href":"https:\/\/www.hbenchmark.com\/de\/wp-json\/wp\/v2\/posts\/28136","targetHints":{"allow":["GET"]}}],"collection":[{"href":"https:\/\/www.hbenchmark.com\/de\/wp-json\/wp\/v2\/posts"}],"about":[{"href":"https:\/\/www.hbenchmark.com\/de\/wp-json\/wp\/v2\/types\/post"}],"author":[{"embeddable":true,"href":"https:\/\/www.hbenchmark.com\/de\/wp-json\/wp\/v2\/users\/3"}],"replies":[{"embeddable":true,"href":"https:\/\/www.hbenchmark.com\/de\/wp-json\/wp\/v2\/comments?post=28136"}],"version-history":[{"count":4,"href":"https:\/\/www.hbenchmark.com\/de\/wp-json\/wp\/v2\/posts\/28136\/revisions"}],"predecessor-version":[{"id":28141,"href":"https:\/\/www.hbenchmark.com\/de\/wp-json\/wp\/v2\/posts\/28136\/revisions\/28141"}],"wp:featuredmedia":[{"embeddable":true,"href":"https:\/\/www.hbenchmark.com\/de\/wp-json\/wp\/v2\/media\/21795"}],"wp:attachment":[{"href":"https:\/\/www.hbenchmark.com\/de\/wp-json\/wp\/v2\/media?parent=28136"}],"wp:term":[{"taxonomy":"category","embeddable":true,"href":"https:\/\/www.hbenchmark.com\/de\/wp-json\/wp\/v2\/categories?post=28136"},{"taxonomy":"post_tag","embeddable":true,"href":"https:\/\/www.hbenchmark.com\/de\/wp-json\/wp\/v2\/tags?post=28136"}],"curies":[{"name":"wp","href":"https:\/\/api.w.org\/{rel}","templated":true}]}}